{"id":14123,"date":"2023-05-13T18:33:50","date_gmt":"2023-05-13T16:33:50","guid":{"rendered":"https:\/\/www.ethicalfinnpl.com\/?p=14123"},"modified":"2023-07-26T18:46:24","modified_gmt":"2023-07-26T16:46:24","slug":"ethicalfin-npl-e-studio-legale-torre-alla-fiera-del-credito","status":"publish","type":"post","link":"https:\/\/www.ethicalfinnpl.com\/it\/ethicalfin-npl-e-studio-legale-torre-alla-fiera-del-credito\/","title":{"rendered":"EthicalFin NPL e Studio Legale Torre EF STA partecipano alla Fiera del Credito"},"content":{"rendered":"<h3>EthicalFin NPL e Studio Legale Torre EF STA partecipano alla Fiera del Credito<\/h3>\n<p><span style=\"font-weight: 400;\">\u00c8 passato un anno dall\u2019ultima <strong>Fiera del Credito<\/strong> e la nuova edizione richiama gi\u00e0, come ogni anno di questi tempi, i suoi interessati.<\/span><\/p>\n<p><span style=\"font-weight: 400;\">Questa<strong> quarta edizione<\/strong> \u00e8 un\u2019occasione speciale per <\/span><span style=\"font-weight: 400;\"><strong><a href=\"https:\/\/www.ethicalfinnpl.com\/it\/chi-siamo\/\">EthicalFin NPL Srl<\/a><\/strong>\u00a0<\/span><span style=\"font-weight: 400;\">e <\/span><strong><a href=\"https:\/\/www.ethicalfinnpl.com\/it\/studio-legale-torre\/\">Studio Legale Torre EF<\/a><\/strong><span style=\"font-weight: 400;\">, sia perch\u00e9 parteciperemo come partner e relatori di una delle tavole rotonde, sia perch\u00e9 la Fiera sar\u00e0 l\u2019occasione per presentare una nuova collaborazione che ci rende molto orgogliosi: quella con <\/span><strong><a href=\"https:\/\/www.creditifinanza.it\">Crediti e Finanza Business information Srl<\/a><\/strong><span style=\"font-weight: 400;\">.<br \/>\n<\/span><\/p>\n<p><span style=\"font-weight: 400;\">Il tema di questa quarta edizione \u00e8 quello delle <a href=\"https:\/\/www.creditnews.it\/fieradelcredito\/\"><strong><em>Sinergie<\/em><\/strong><\/a> e, a maggior ragione per questo, non potremmo essere pi\u00f9 contenti di annunciare la nostra partecipazione alla <a href=\"https:\/\/www.creditnews.it\/fieradelcredito\/\">IV Edizione della FdC<\/a>, organizzata da<\/span> <a href=\"https:\/\/www.linkedin.com\/company\/creditnewsmagazine\/\"><span style=\"font-weight: 400;\">CreditNews<\/span><\/a><span style=\"font-weight: 400;\">, inaugurando la partnership con i colleghi di<\/span> <span style=\"font-weight: 400;\">Crediti e Finanza Business information Srl<\/span><span style=\"font-weight: 400;\">.<\/span><\/p>\n<p><span style=\"font-weight: 400;\">Venite a trovarci allo STAND 19 e alla tavola rotonda da noi organizzata:<br \/>\n<\/span><strong>ESG, \u029f\u1d07 s\u1d04\u1d07\u029f\u1d1b\u1d07 s\u1d0fs\u1d1b\u1d07\u0274\u026a\u0299\u026a\u029f\u026a \u1d05\u1d07\u029f\u029f\u1d07 \u1d00\u1d22\u026a\u1d07\u0274\u1d05\u1d07 \u1d07 \u1d05\u1d07\u029f \u1d04\u0280\u1d07\u1d05\u026a\u1d1b\u1d0f<\/strong><\/p>\n<p><span style=\"font-weight: 400;\"><span style=\"letter-spacing: 0px;\">Intervengono:<\/span><\/span><\/p>\n<ul>\n<li><span style=\"letter-spacing: 0px;\"><strong>ALFREDO FINESCHI<\/strong> | CEO &amp; Founder EthicalFin NPL Srl<\/span><\/li>\n<li><strong>FRANCO MANTI<\/strong> | Docente di Etica Sociale &#8211; Universit\u00e0 di Genova;\u00a0Direttore di EtApp &#8211; Laboratorio di ricerca per le Etiche Applicate<\/li>\n<li><span style=\"letter-spacing: 0px;\"><strong>COSIMO PANAREO<\/strong> | Amministratore \u2013 Crediti e Finanza Business Information Srl<\/span><\/li>\n<li><span style=\"letter-spacing: 0px;\"><strong>DEMIS TODESCHINI<\/strong> | ETF Sales Italy \u2013 Franklin Templeton<\/span><\/li>\n<li><span style=\"letter-spacing: 0px;\"><strong>MARCO TORSELLO<\/strong> | Presidente Resilience Srl \u2013 Spin-off approvata dall\u2019Universita\u0300 degli Studi della Tuscia<\/span><\/li>\n<\/ul>\n<p><span style=\"letter-spacing: 0px;\"><strong>Moderatore<\/strong>: ALESSANDRO RUOCCO | Redattore CreditNews<\/span><\/p>\n<p style=\"text-align: center;\"><b>\ud83d\udd34\u00a0<\/b><strong>SAVE THE DATE\u00a0<\/strong><b>\ud83d\udd34<\/b><\/p>\n<p style=\"text-align: center;\"><span style=\"font-weight: 400;\">\ud83d\udcc5 <strong>Marted\u00ec 23 e mercoled\u00ec 24 maggio 2023<\/strong><br \/>\n<\/span><span style=\"font-weight: 400;\"><strong><span style=\"letter-spacing: 0px;\">\ud83d\udccdSTAND n. 19 | Fiera del Credito, presso Superstudio Maxi, in via Moncucco 35 | MILANO<\/span><\/strong><br \/>\n<\/span><\/p>\n<p style=\"text-align: center;\"><span style=\"font-weight: 400;\">\u26a0\ufe0f ATTENZIONE \u26a0\ufe0f Il 19\/05 \u00e8 il termine ultimo per iscriversi<\/span><\/p>\n<p>&nbsp;<\/p>\n<figure id=\"attachment_14125\" aria-describedby=\"caption-attachment-14125\" style=\"width: 300px\" class=\"wp-caption aligncenter\"><img loading=\"lazy\" decoding=\"async\" class=\"size-medium wp-image-14125\" src=\"https:\/\/www.ethicalfinnpl.com\/wp-content\/uploads\/2023\/05\/FdC-Grafica-Post-LinkedIn-300x300.png\" alt=\"EthicalFin NPL e Studio Legale Torre EF partecipano alla Fiera del Credito\" width=\"300\" height=\"300\" srcset=\"https:\/\/www.ethicalfinnpl.com\/wp-content\/uploads\/2023\/05\/FdC-Grafica-Post-LinkedIn-300x300.png 300w, https:\/\/www.ethicalfinnpl.com\/wp-content\/uploads\/2023\/05\/FdC-Grafica-Post-LinkedIn-1024x1024.png 1024w, https:\/\/www.ethicalfinnpl.com\/wp-content\/uploads\/2023\/05\/FdC-Grafica-Post-LinkedIn-150x150.png 150w, https:\/\/www.ethicalfinnpl.com\/wp-content\/uploads\/2023\/05\/FdC-Grafica-Post-LinkedIn-768x768.png 768w, https:\/\/www.ethicalfinnpl.com\/wp-content\/uploads\/2023\/05\/FdC-Grafica-Post-LinkedIn-770x770.png 770w, https:\/\/www.ethicalfinnpl.com\/wp-content\/uploads\/2023\/05\/FdC-Grafica-Post-LinkedIn.png 1200w\" sizes=\"auto, (max-width: 300px) 100vw, 300px\" \/><figcaption id=\"caption-attachment-14125\" class=\"wp-caption-text\">EthicalFin NPL e Studio Legale Torre EF partecipano alla Fiera del Credito<\/figcaption><\/figure>\n<p>&nbsp;<\/p>\n<p>Per rimanere aggiornato sulle nostre novit\u00e0, seguici anche su LinkedIn:<\/p>\n<p><span style=\"font-weight: 400;\"><span style=\"letter-spacing: 0px;\">\ud83d\udfe3 <a href=\"https:\/\/www.linkedin.com\/company\/ethicalfin-npl\"><strong>ETHICALFIN NPL<\/strong><\/a> \ud83d\udfe3<\/span><\/span><\/p>\n<p><span style=\"font-weight: 400;\"><span style=\"letter-spacing: 0px;\">\ud83d\udd35 <a href=\"https:\/\/www.linkedin.com\/company\/studio-legale-torre-ef\"><strong>STUDIO LEGALE TORRE EF<\/strong><\/a> \ud83d\udd35<\/span><br \/>\n<\/span><\/p>\n","protected":false},"excerpt":{"rendered":"<p>EthicalFin NPL e Studio Legale Torre EF STA partecipano alla Fiera del Credito \u00c8 passato un anno dall\u2019ultima Fiera del Credito e la nuova edizione richiama gi\u00e0, come ogni anno di questi tempi, i suoi interessati. Questa quarta edizione \u00e8 un\u2019occasione speciale per EthicalFin NPL Srl\u00a0e Studio Legale Torre EF, sia perch\u00e9 parteciperemo come partner [&hellip;]<\/p>\n","protected":false},"author":5,"featured_media":14215,"comment_status":"closed","ping_status":"closed","sticky":false,"template":"","format":"image","meta":{"_acf_changed":false,"footnotes":""},"categories":[72],"tags":[90,91,92,52],"class_list":["post-14123","post","type-post","status-publish","format-image","has-post-thumbnail","hentry","category-news","tag-creditweek","tag-fdc2023","tag-business-it","tag-npl-it","post_format-post-format-image"],"acf":[],"yoast_head":"<!-- This site is optimized with the Yoast SEO plugin v27.5 - https:\/\/yoast.com\/product\/yoast-seo-wordpress\/ -->\n<title>EthicalFin NPL e Studio Legale Torre EF STA partecipano alla Fiera del Credito - EthicalFin NPL<\/title>\n<meta name=\"description\" content=\"EthicalFin NPL Srl\u00a0e Studio Legale Torre EF partecipano alla IV edizione della Fiera del Credito come partner e relatori di uno dei focus\" \/>\n<meta name=\"robots\" content=\"index, follow, max-snippet:-1, max-image-preview:large, max-video-preview:-1\" \/>\n<link rel=\"canonical\" href=\"https:\/\/www.ethicalfinnpl.com\/it\/ethicalfin-npl-e-studio-legale-torre-alla-fiera-del-credito\/\" \/>\n<meta name=\"twitter:card\" content=\"summary_large_image\" \/>\n<meta name=\"twitter:title\" content=\"EthicalFin NPL e Studio Legale Torre EF STA partecipano alla Fiera del Credito - EthicalFin NPL\" \/>\n<meta name=\"twitter:description\" content=\"EthicalFin NPL Srl\u00a0e Studio Legale Torre EF partecipano alla IV edizione della Fiera del Credito come partner e relatori di uno dei focus\" \/>\n<meta name=\"twitter:image\" content=\"https:\/\/www.ethicalfinnpl.com\/wp-content\/uploads\/2023\/07\/FdC-foto-team-unico-EF-NPL-CFBI.png\" \/>\n<meta name=\"twitter:label1\" content=\"Scritto da\" \/>\n\t<meta name=\"twitter:data1\" content=\"ethic_slad_20\" \/>\n\t<meta name=\"twitter:label2\" content=\"Tempo di lettura stimato\" \/>\n\t<meta name=\"twitter:data2\" content=\"2 minuti\" \/>\n<script type=\"application\/ld+json\" class=\"yoast-schema-graph\">{\"@context\":\"https:\\\/\\\/schema.org\",\"@graph\":[{\"@type\":\"Article\",\"@id\":\"https:\\\/\\\/www.ethicalfinnpl.com\\\/it\\\/ethicalfin-npl-e-studio-legale-torre-alla-fiera-del-credito\\\/#article\",\"isPartOf\":{\"@id\":\"https:\\\/\\\/www.ethicalfinnpl.com\\\/it\\\/ethicalfin-npl-e-studio-legale-torre-alla-fiera-del-credito\\\/\"},\"author\":{\"name\":\"ethic_slad_20\",\"@id\":\"https:\\\/\\\/www.ethicalfinnpl.com\\\/it\\\/#\\\/schema\\\/person\\\/f903bda5dbd655569abfc301bccfe25a\"},\"headline\":\"EthicalFin NPL e Studio Legale Torre EF STA partecipano alla Fiera del Credito\",\"datePublished\":\"2023-05-13T16:33:50+00:00\",\"dateModified\":\"2023-07-26T16:46:24+00:00\",\"mainEntityOfPage\":{\"@id\":\"https:\\\/\\\/www.ethicalfinnpl.com\\\/it\\\/ethicalfin-npl-e-studio-legale-torre-alla-fiera-del-credito\\\/\"},\"wordCount\":290,\"publisher\":{\"@id\":\"https:\\\/\\\/www.ethicalfinnpl.com\\\/it\\\/#organization\"},\"image\":{\"@id\":\"https:\\\/\\\/www.ethicalfinnpl.com\\\/it\\\/ethicalfin-npl-e-studio-legale-torre-alla-fiera-del-credito\\\/#primaryimage\"},\"thumbnailUrl\":\"https:\\\/\\\/www.ethicalfinnpl.com\\\/wp-content\\\/uploads\\\/2023\\\/07\\\/FdC-foto-team-unico-EF-NPL-CFBI.png\",\"keywords\":[\"#creditweek\",\"#FdC2023\",\"Business\",\"npl\"],\"articleSection\":[\"News\"],\"inLanguage\":\"it-IT\"},{\"@type\":\"WebPage\",\"@id\":\"https:\\\/\\\/www.ethicalfinnpl.com\\\/it\\\/ethicalfin-npl-e-studio-legale-torre-alla-fiera-del-credito\\\/\",\"url\":\"https:\\\/\\\/www.ethicalfinnpl.com\\\/it\\\/ethicalfin-npl-e-studio-legale-torre-alla-fiera-del-credito\\\/\",\"name\":\"EthicalFin NPL e Studio Legale Torre EF STA partecipano alla Fiera del Credito - EthicalFin NPL\",\"isPartOf\":{\"@id\":\"https:\\\/\\\/www.ethicalfinnpl.com\\\/it\\\/#website\"},\"primaryImageOfPage\":{\"@id\":\"https:\\\/\\\/www.ethicalfinnpl.com\\\/it\\\/ethicalfin-npl-e-studio-legale-torre-alla-fiera-del-credito\\\/#primaryimage\"},\"image\":{\"@id\":\"https:\\\/\\\/www.ethicalfinnpl.com\\\/it\\\/ethicalfin-npl-e-studio-legale-torre-alla-fiera-del-credito\\\/#primaryimage\"},\"thumbnailUrl\":\"https:\\\/\\\/www.ethicalfinnpl.com\\\/wp-content\\\/uploads\\\/2023\\\/07\\\/FdC-foto-team-unico-EF-NPL-CFBI.png\",\"datePublished\":\"2023-05-13T16:33:50+00:00\",\"dateModified\":\"2023-07-26T16:46:24+00:00\",\"description\":\"EthicalFin NPL Srl\u00a0e Studio Legale Torre EF partecipano alla IV edizione della Fiera del Credito come partner e relatori di uno dei focus\",\"breadcrumb\":{\"@id\":\"https:\\\/\\\/www.ethicalfinnpl.com\\\/it\\\/ethicalfin-npl-e-studio-legale-torre-alla-fiera-del-credito\\\/#breadcrumb\"},\"inLanguage\":\"it-IT\",\"potentialAction\":[{\"@type\":\"ReadAction\",\"target\":[\"https:\\\/\\\/www.ethicalfinnpl.com\\\/it\\\/ethicalfin-npl-e-studio-legale-torre-alla-fiera-del-credito\\\/\"]}]},{\"@type\":\"ImageObject\",\"inLanguage\":\"it-IT\",\"@id\":\"https:\\\/\\\/www.ethicalfinnpl.com\\\/it\\\/ethicalfin-npl-e-studio-legale-torre-alla-fiera-del-credito\\\/#primaryimage\",\"url\":\"https:\\\/\\\/www.ethicalfinnpl.com\\\/wp-content\\\/uploads\\\/2023\\\/07\\\/FdC-foto-team-unico-EF-NPL-CFBI.png\",\"contentUrl\":\"https:\\\/\\\/www.ethicalfinnpl.com\\\/wp-content\\\/uploads\\\/2023\\\/07\\\/FdC-foto-team-unico-EF-NPL-CFBI.png\",\"width\":2048,\"height\":1365,\"caption\":\"Partnership EthicalFin NPL & Crediti e Finanza Business Information\"},{\"@type\":\"BreadcrumbList\",\"@id\":\"https:\\\/\\\/www.ethicalfinnpl.com\\\/it\\\/ethicalfin-npl-e-studio-legale-torre-alla-fiera-del-credito\\\/#breadcrumb\",\"itemListElement\":[{\"@type\":\"ListItem\",\"position\":1,\"name\":\"Home\",\"item\":\"https:\\\/\\\/www.ethicalfinnpl.com\\\/it\\\/\"},{\"@type\":\"ListItem\",\"position\":2,\"name\":\"EthicalFin NPL e Studio Legale Torre EF STA partecipano alla Fiera del Credito\"}]},{\"@type\":\"WebSite\",\"@id\":\"https:\\\/\\\/www.ethicalfinnpl.com\\\/it\\\/#website\",\"url\":\"https:\\\/\\\/www.ethicalfinnpl.com\\\/it\\\/\",\"name\":\"EthicalFin NPL\",\"description\":\"Sustainable Growth Capital Partners\",\"publisher\":{\"@id\":\"https:\\\/\\\/www.ethicalfinnpl.com\\\/it\\\/#organization\"},\"potentialAction\":[{\"@type\":\"SearchAction\",\"target\":{\"@type\":\"EntryPoint\",\"urlTemplate\":\"https:\\\/\\\/www.ethicalfinnpl.com\\\/it\\\/?s={search_term_string}\"},\"query-input\":{\"@type\":\"PropertyValueSpecification\",\"valueRequired\":true,\"valueName\":\"search_term_string\"}}],\"inLanguage\":\"it-IT\"},{\"@type\":\"Organization\",\"@id\":\"https:\\\/\\\/www.ethicalfinnpl.com\\\/it\\\/#organization\",\"name\":\"Ethicalfin NPL\",\"url\":\"https:\\\/\\\/www.ethicalfinnpl.com\\\/it\\\/\",\"logo\":{\"@type\":\"ImageObject\",\"inLanguage\":\"it-IT\",\"@id\":\"https:\\\/\\\/www.ethicalfinnpl.com\\\/it\\\/#\\\/schema\\\/logo\\\/image\\\/\",\"url\":\"https:\\\/\\\/www.ethicalfinnpl.com\\\/wp-content\\\/uploads\\\/2020\\\/07\\\/EF_logo_white_square_640.png\",\"contentUrl\":\"https:\\\/\\\/www.ethicalfinnpl.com\\\/wp-content\\\/uploads\\\/2020\\\/07\\\/EF_logo_white_square_640.png\",\"width\":480,\"height\":480,\"caption\":\"Ethicalfin NPL\"},\"image\":{\"@id\":\"https:\\\/\\\/www.ethicalfinnpl.com\\\/it\\\/#\\\/schema\\\/logo\\\/image\\\/\"},\"sameAs\":[\"https:\\\/\\\/www.linkedin.com\\\/company\\\/ethicalfin-npl\\\/\"]},{\"@type\":\"Person\",\"@id\":\"https:\\\/\\\/www.ethicalfinnpl.com\\\/it\\\/#\\\/schema\\\/person\\\/f903bda5dbd655569abfc301bccfe25a\",\"name\":\"ethic_slad_20\",\"url\":\"https:\\\/\\\/www.ethicalfinnpl.com\\\/it\\\/author\\\/ethic_slad_20\\\/\"}]}<\/script>\n<!-- \/ Yoast SEO plugin. -->","yoast_head_json":{"title":"EthicalFin NPL e Studio Legale Torre EF STA partecipano alla Fiera del Credito - EthicalFin NPL","description":"EthicalFin NPL Srl\u00a0e Studio Legale Torre EF partecipano alla IV edizione della Fiera del Credito come partner e relatori di uno dei focus","robots":{"index":"index","follow":"follow","max-snippet":"max-snippet:-1","max-image-preview":"max-image-preview:large","max-video-preview":"max-video-preview:-1"},"canonical":"https:\/\/www.ethicalfinnpl.com\/it\/ethicalfin-npl-e-studio-legale-torre-alla-fiera-del-credito\/","twitter_card":"summary_large_image","twitter_title":"EthicalFin NPL e Studio Legale Torre EF STA partecipano alla Fiera del Credito - EthicalFin NPL","twitter_description":"EthicalFin NPL Srl\u00a0e Studio Legale Torre EF partecipano alla IV edizione della Fiera del Credito come partner e relatori di uno dei focus","twitter_image":"https:\/\/www.ethicalfinnpl.com\/wp-content\/uploads\/2023\/07\/FdC-foto-team-unico-EF-NPL-CFBI.png","twitter_misc":{"Scritto da":"ethic_slad_20","Tempo di lettura stimato":"2 minuti"},"schema":{"@context":"https:\/\/schema.org","@graph":[{"@type":"Article","@id":"https:\/\/www.ethicalfinnpl.com\/it\/ethicalfin-npl-e-studio-legale-torre-alla-fiera-del-credito\/#article","isPartOf":{"@id":"https:\/\/www.ethicalfinnpl.com\/it\/ethicalfin-npl-e-studio-legale-torre-alla-fiera-del-credito\/"},"author":{"name":"ethic_slad_20","@id":"https:\/\/www.ethicalfinnpl.com\/it\/#\/schema\/person\/f903bda5dbd655569abfc301bccfe25a"},"headline":"EthicalFin NPL e Studio Legale Torre EF STA partecipano alla Fiera del Credito","datePublished":"2023-05-13T16:33:50+00:00","dateModified":"2023-07-26T16:46:24+00:00","mainEntityOfPage":{"@id":"https:\/\/www.ethicalfinnpl.com\/it\/ethicalfin-npl-e-studio-legale-torre-alla-fiera-del-credito\/"},"wordCount":290,"publisher":{"@id":"https:\/\/www.ethicalfinnpl.com\/it\/#organization"},"image":{"@id":"https:\/\/www.ethicalfinnpl.com\/it\/ethicalfin-npl-e-studio-legale-torre-alla-fiera-del-credito\/#primaryimage"},"thumbnailUrl":"https:\/\/www.ethicalfinnpl.com\/wp-content\/uploads\/2023\/07\/FdC-foto-team-unico-EF-NPL-CFBI.png","keywords":["#creditweek","#FdC2023","Business","npl"],"articleSection":["News"],"inLanguage":"it-IT"},{"@type":"WebPage","@id":"https:\/\/www.ethicalfinnpl.com\/it\/ethicalfin-npl-e-studio-legale-torre-alla-fiera-del-credito\/","url":"https:\/\/www.ethicalfinnpl.com\/it\/ethicalfin-npl-e-studio-legale-torre-alla-fiera-del-credito\/","name":"EthicalFin NPL e Studio Legale Torre EF STA partecipano alla Fiera del Credito - EthicalFin NPL","isPartOf":{"@id":"https:\/\/www.ethicalfinnpl.com\/it\/#website"},"primaryImageOfPage":{"@id":"https:\/\/www.ethicalfinnpl.com\/it\/ethicalfin-npl-e-studio-legale-torre-alla-fiera-del-credito\/#primaryimage"},"image":{"@id":"https:\/\/www.ethicalfinnpl.com\/it\/ethicalfin-npl-e-studio-legale-torre-alla-fiera-del-credito\/#primaryimage"},"thumbnailUrl":"https:\/\/www.ethicalfinnpl.com\/wp-content\/uploads\/2023\/07\/FdC-foto-team-unico-EF-NPL-CFBI.png","datePublished":"2023-05-13T16:33:50+00:00","dateModified":"2023-07-26T16:46:24+00:00","description":"EthicalFin NPL Srl\u00a0e Studio Legale Torre EF partecipano alla IV edizione della Fiera del Credito come partner e relatori di uno dei focus","breadcrumb":{"@id":"https:\/\/www.ethicalfinnpl.com\/it\/ethicalfin-npl-e-studio-legale-torre-alla-fiera-del-credito\/#breadcrumb"},"inLanguage":"it-IT","potentialAction":[{"@type":"ReadAction","target":["https:\/\/www.ethicalfinnpl.com\/it\/ethicalfin-npl-e-studio-legale-torre-alla-fiera-del-credito\/"]}]},{"@type":"ImageObject","inLanguage":"it-IT","@id":"https:\/\/www.ethicalfinnpl.com\/it\/ethicalfin-npl-e-studio-legale-torre-alla-fiera-del-credito\/#primaryimage","url":"https:\/\/www.ethicalfinnpl.com\/wp-content\/uploads\/2023\/07\/FdC-foto-team-unico-EF-NPL-CFBI.png","contentUrl":"https:\/\/www.ethicalfinnpl.com\/wp-content\/uploads\/2023\/07\/FdC-foto-team-unico-EF-NPL-CFBI.png","width":2048,"height":1365,"caption":"Partnership EthicalFin NPL & Crediti e Finanza Business Information"},{"@type":"BreadcrumbList","@id":"https:\/\/www.ethicalfinnpl.com\/it\/ethicalfin-npl-e-studio-legale-torre-alla-fiera-del-credito\/#breadcrumb","itemListElement":[{"@type":"ListItem","position":1,"name":"Home","item":"https:\/\/www.ethicalfinnpl.com\/it\/"},{"@type":"ListItem","position":2,"name":"EthicalFin NPL e Studio Legale Torre EF STA partecipano alla Fiera del Credito"}]},{"@type":"WebSite","@id":"https:\/\/www.ethicalfinnpl.com\/it\/#website","url":"https:\/\/www.ethicalfinnpl.com\/it\/","name":"EthicalFin NPL","description":"Sustainable Growth Capital Partners","publisher":{"@id":"https:\/\/www.ethicalfinnpl.com\/it\/#organization"},"potentialAction":[{"@type":"SearchAction","target":{"@type":"EntryPoint","urlTemplate":"https:\/\/www.ethicalfinnpl.com\/it\/?s={search_term_string}"},"query-input":{"@type":"PropertyValueSpecification","valueRequired":true,"valueName":"search_term_string"}}],"inLanguage":"it-IT"},{"@type":"Organization","@id":"https:\/\/www.ethicalfinnpl.com\/it\/#organization","name":"Ethicalfin NPL","url":"https:\/\/www.ethicalfinnpl.com\/it\/","logo":{"@type":"ImageObject","inLanguage":"it-IT","@id":"https:\/\/www.ethicalfinnpl.com\/it\/#\/schema\/logo\/image\/","url":"https:\/\/www.ethicalfinnpl.com\/wp-content\/uploads\/2020\/07\/EF_logo_white_square_640.png","contentUrl":"https:\/\/www.ethicalfinnpl.com\/wp-content\/uploads\/2020\/07\/EF_logo_white_square_640.png","width":480,"height":480,"caption":"Ethicalfin NPL"},"image":{"@id":"https:\/\/www.ethicalfinnpl.com\/it\/#\/schema\/logo\/image\/"},"sameAs":["https:\/\/www.linkedin.com\/company\/ethicalfin-npl\/"]},{"@type":"Person","@id":"https:\/\/www.ethicalfinnpl.com\/it\/#\/schema\/person\/f903bda5dbd655569abfc301bccfe25a","name":"ethic_slad_20","url":"https:\/\/www.ethicalfinnpl.com\/it\/author\/ethic_slad_20\/"}]}},"_links":{"self":[{"href":"https:\/\/www.ethicalfinnpl.com\/it\/wp-json\/wp\/v2\/posts\/14123","targetHints":{"allow":["GET"]}}],"collection":[{"href":"https:\/\/www.ethicalfinnpl.com\/it\/wp-json\/wp\/v2\/posts"}],"about":[{"href":"https:\/\/www.ethicalfinnpl.com\/it\/wp-json\/wp\/v2\/types\/post"}],"author":[{"embeddable":true,"href":"https:\/\/www.ethicalfinnpl.com\/it\/wp-json\/wp\/v2\/users\/5"}],"replies":[{"embeddable":true,"href":"https:\/\/www.ethicalfinnpl.com\/it\/wp-json\/wp\/v2\/comments?post=14123"}],"version-history":[{"count":0,"href":"https:\/\/www.ethicalfinnpl.com\/it\/wp-json\/wp\/v2\/posts\/14123\/revisions"}],"wp:featuredmedia":[{"embeddable":true,"href":"https:\/\/www.ethicalfinnpl.com\/it\/wp-json\/wp\/v2\/media\/14215"}],"wp:attachment":[{"href":"https:\/\/www.ethicalfinnpl.com\/it\/wp-json\/wp\/v2\/media?parent=14123"}],"wp:term":[{"taxonomy":"category","embeddable":true,"href":"https:\/\/www.ethicalfinnpl.com\/it\/wp-json\/wp\/v2\/categories?post=14123"},{"taxonomy":"post_tag","embeddable":true,"href":"https:\/\/www.ethicalfinnpl.com\/it\/wp-json\/wp\/v2\/tags?post=14123"}],"curies":[{"name":"wp","href":"https:\/\/api.w.org\/{rel}","templated":true}]}}